{"id":5385,"date":"2025-08-30T08:36:06","date_gmt":"2025-08-30T06:36:06","guid":{"rendered":"https:\/\/www.foto-lindlar.de\/fuenger-foto\/?p=5385"},"modified":"2026-03-11T18:44:39","modified_gmt":"2026-03-11T16:44:39","slug":"raeder-design-stories-ab-sofort-in-lindlar","status":"publish","type":"post","link":"https:\/\/www.foto-lindlar.de\/fuenger-foto\/raeder-design-stories-ab-sofort-in-lindlar\/","title":{"rendered":"r\u00e4der Design Stories &#8211; JETZT f\u00fcr Euch in Lindlar"},"content":{"rendered":"<p>Wir freuen uns sehr!<\/p>\n<p>Ab sofort findet Ihr die tollen und beliebten Produkte der Firma\u00a0<strong>r\u00e4der\u00a0<\/strong>fest in unserem Sortiment.<\/p>\n<p>Wir sind r\u00e4der-SHOP-Partner und werden immer das aktuelle Sortiment vorr\u00e4tig haben und wenn mal was fehlt, k\u00f6nnen wir jeden Artikel auch einzeln f\u00fcr Euch ordern.<\/p>\n<p>Kommt vorbei und lasst Euch fazinieren!<\/p>\n","protected":false},"excerpt":{"rendered":"<p>Wir freuen uns sehr! Ab sofort findet Ihr die tollen und beliebten Produkte der Firma\u00a0r\u00e4der\u00a0fest in unserem Sortiment. Wir sind r\u00e4der-SHOP-Partner und werden immer das aktuelle Sortiment vorr\u00e4tig haben und wenn mal was fehlt, k\u00f6nnen wir jeden Artikel auch einzeln &hellip; <a class=\"kt-excerpt-readmore\" href=\"https:\/\/www.foto-lindlar.de\/fuenger-foto\/raeder-design-stories-ab-sofort-in-lindlar\/\" aria-label=\"r\u00e4der Design Stories &#8211; JETZT f\u00fcr Euch in Lindlar\">Weiterlesen<\/a><\/p>\n","protected":false},"author":2,"featured_media":5408,"comment_status":"closed","ping_status":"closed","sticky":false,"template":"","format":"standard","meta":{"kt_blocks_editor_width":"","footnotes":""},"categories":[3],"tags":[],"class_list":["post-5385","post","type-post","status-publish","format-standard","has-post-thumbnail","hentry","category-blog"],"_links":{"self":[{"href":"https:\/\/www.foto-lindlar.de\/fuenger-foto\/wp-json\/wp\/v2\/posts\/5385","targetHints":{"allow":["GET"]}}],"collection":[{"href":"https:\/\/www.foto-lindlar.de\/fuenger-foto\/wp-json\/wp\/v2\/posts"}],"about":[{"href":"https:\/\/www.foto-lindlar.de\/fuenger-foto\/wp-json\/wp\/v2\/types\/post"}],"author":[{"embeddable":true,"href":"https:\/\/www.foto-lindlar.de\/fuenger-foto\/wp-json\/wp\/v2\/users\/2"}],"replies":[{"embeddable":true,"href":"https:\/\/www.foto-lindlar.de\/fuenger-foto\/wp-json\/wp\/v2\/comments?post=5385"}],"version-history":[{"count":3,"href":"https:\/\/www.foto-lindlar.de\/fuenger-foto\/wp-json\/wp\/v2\/posts\/5385\/revisions"}],"predecessor-version":[{"id":5800,"href":"https:\/\/www.foto-lindlar.de\/fuenger-foto\/wp-json\/wp\/v2\/posts\/5385\/revisions\/5800"}],"wp:featuredmedia":[{"embeddable":true,"href":"https:\/\/www.foto-lindlar.de\/fuenger-foto\/wp-json\/wp\/v2\/media\/5408"}],"wp:attachment":[{"href":"https:\/\/www.foto-lindlar.de\/fuenger-foto\/wp-json\/wp\/v2\/media?parent=5385"}],"wp:term":[{"taxonomy":"category","embeddable":true,"href":"https:\/\/www.foto-lindlar.de\/fuenger-foto\/wp-json\/wp\/v2\/categories?post=5385"},{"taxonomy":"post_tag","embeddable":true,"href":"https:\/\/www.foto-lindlar.de\/fuenger-foto\/wp-json\/wp\/v2\/tags?post=5385"}],"curies":[{"name":"wp","href":"https:\/\/api.w.org\/{rel}","templated":true}]}}